{"id":5828,"date":"2024-02-15T16:19:01","date_gmt":"2024-02-15T19:19:01","guid":{"rendered":"https:\/\/fhce.edu.uy\/oded\/?p=5828"},"modified":"2024-02-15T16:31:14","modified_gmt":"2024-02-15T19:31:14","slug":"entrevista_martinis_m24","status":"publish","type":"post","link":"https:\/\/fhce.edu.uy\/oded\/2024\/02\/15\/entrevista_martinis_m24\/","title":{"rendered":"Entrevista a Pablo Martinis en M24"},"content":{"rendered":"\t\t<div data-elementor-type=\"wp-post\" data-elementor-id=\"5828\" class=\"elementor elementor-5828\" data-elementor-settings=\"[]\">\n\t\t\t\t\t\t\t<div class=\"elementor-section-wrap\">\n\t\t\t\t\t\t\t<section class=\"elementor-section elementor-top-section elementor-element elementor-element-53b0205 elementor-section-boxed elementor-section-height-default elementor-section-height-default\" data-id=\"53b0205\" data-element_type=\"section\">\n\t\t\t\t\t\t<div class=\"elementor-container elementor-column-gap-default\">\n\t\t\t\t\t<div class=\"elementor-column elementor-col-66 elementor-top-column elementor-element elementor-element-91962a8\" data-id=\"91962a8\" data-element_type=\"column\">\n\t\t\t<div class=\"elementor-widget-wrap elementor-element-populated\">\n\t\t\t\t\t\t\t\t<div class=\"elementor-element elementor-element-16f55bb elementor-widget elementor-widget-text-editor\" data-id=\"16f55bb\" data-element_type=\"widget\" data-widget_type=\"text-editor.default\">\n\t\t\t\t<div class=\"elementor-widget-container\">\n\t\t\t\t\t\t\t<h2 class=\"style-scope ytd-watch-metadata\"><span class=\"style-scope yt-formatted-string\" dir=\"auto\">\u201cVivimos un momento donde los docentes tienen temor al debate\u201d<\/span><\/h2>\t\t\t\t\t\t<\/div>\n\t\t\t\t<\/div>\n\t\t\t\t<div class=\"elementor-element elementor-element-6b37edd elementor-aspect-ratio-169 elementor-widget elementor-widget-video\" data-id=\"6b37edd\" data-element_type=\"widget\" data-settings=\"{&quot;youtube_url&quot;:&quot;https:\\\/\\\/youtu.be\\\/MQnIGlkRwCE?si=LQDq48jNfXM4ifGG&quot;,&quot;video_type&quot;:&quot;youtube&quot;,&quot;controls&quot;:&quot;yes&quot;,&quot;aspect_ratio&quot;:&quot;169&quot;}\" data-widget_type=\"video.default\">\n\t\t\t\t<div class=\"elementor-widget-container\">\n\t\t\t\t\t<div class=\"elementor-wrapper elementor-fit-aspect-ratio elementor-open-inline\">\n\t\t\t<div class=\"elementor-video\"><\/div>\t\t<\/div>\n\t\t\t\t<\/div>\n\t\t\t\t<\/div>\n\t\t\t\t<div class=\"elementor-element elementor-element-ad74ca6 elementor-widget elementor-widget-spacer\" data-id=\"ad74ca6\" data-element_type=\"widget\" data-widget_type=\"spacer.default\">\n\t\t\t\t<div class=\"elementor-widget-container\">\n\t\t\t\t\t<div class=\"elementor-spacer\">\n\t\t\t<div class=\"elementor-spacer-inner\"><\/div>\n\t\t<\/div>\n\t\t\t\t<\/div>\n\t\t\t\t<\/div>\n\t\t\t\t<div class=\"elementor-element elementor-element-8a33abf elementor-widget elementor-widget-text-editor\" data-id=\"8a33abf\" data-element_type=\"widget\" data-widget_type=\"text-editor.default\">\n\t\t\t\t<div class=\"elementor-widget-container\">\n\t\t\t\t\t\t\t<p><span class=\"yt-core-attributed-string--link-inherit-color\">Compartimos con ustedes la entrevista realizada por Sof\u00eda Kortysz, Diego Martini y Alejandra Couto al Decano de la Facultad de Humanidades y Ciencias de la Educaci\u00f3n, Pablo Martinis, quien se\u00f1al\u00f3 que la gesti\u00f3n de la ANEP \u201cno ha mejorado con los cambios en la LUC\u201d. <\/span><\/p><p><span class=\"yt-core-attributed-string--link-inherit-color\">Entrevistado por <\/span><span class=\"yt-core-attributed-string--link-inherit-color\"><a class=\"yt-core-attributed-string__link yt-core-attributed-string__link--display-type yt-core-attributed-string__link--call-to-action-color\" href=\"https:\/\/www.youtube.com\/hashtag\/nadaqueperder\" target=\"\" rel=\"nofollow\">#NadaQuePerder<\/a><\/span><span class=\"yt-core-attributed-string--link-inherit-color\">, indic\u00f3 que \u201chay que pensar en la responsabilidad estatal cuando vemos los resultados educativos\u201d. <\/span><\/p><p>\u00a0<\/p>\t\t\t\t\t\t<\/div>\n\t\t\t\t<\/div>\n\t\t\t\t\t<\/div>\n\t\t<\/div>\n\t\t\t\t<div class=\"elementor-column elementor-col-33 elementor-top-column elementor-element elementor-element-07d6ce2\" data-id=\"07d6ce2\" data-element_type=\"column\">\n\t\t\t<div class=\"elementor-widget-wrap\">\n\t\t\t\t\t\t\t\t\t<\/div>\n\t\t<\/div>\n\t\t\t\t\t\t\t<\/div>\n\t\t<\/section>\n\t\t\t\t\t\t<\/div>\n\t\t\t\t\t<\/div>\n\t\t","protected":false},"excerpt":{"rendered":"<p>\u201cVivimos un momento donde los docentes tienen temor al debate\u201d Compartimos con ustedes la entrevista realizada por Sof\u00eda Kortysz, Diego[&#8230;]<\/p>\n","protected":false},"author":5,"featured_media":5833,"comment_status":"open","ping_status":"open","sticky":false,"template":"","format":"standard","meta":{"_coblocks_attr":"","_coblocks_dimensions":"","_coblocks_responsive_height":"","_coblocks_accordion_ie_support":""},"categories":[12,17],"tags":[31],"_links":{"self":[{"href":"https:\/\/fhce.edu.uy\/oded\/wp-json\/wp\/v2\/posts\/5828"}],"collection":[{"href":"https:\/\/fhce.edu.uy\/oded\/wp-json\/wp\/v2\/posts"}],"about":[{"href":"https:\/\/fhce.edu.uy\/oded\/wp-json\/wp\/v2\/types\/post"}],"author":[{"embeddable":true,"href":"https:\/\/fhce.edu.uy\/oded\/wp-json\/wp\/v2\/users\/5"}],"replies":[{"embeddable":true,"href":"https:\/\/fhce.edu.uy\/oded\/wp-json\/wp\/v2\/comments?post=5828"}],"version-history":[{"count":5,"href":"https:\/\/fhce.edu.uy\/oded\/wp-json\/wp\/v2\/posts\/5828\/revisions"}],"predecessor-version":[{"id":5834,"href":"https:\/\/fhce.edu.uy\/oded\/wp-json\/wp\/v2\/posts\/5828\/revisions\/5834"}],"wp:featuredmedia":[{"embeddable":true,"href":"https:\/\/fhce.edu.uy\/oded\/wp-json\/wp\/v2\/media\/5833"}],"wp:attachment":[{"href":"https:\/\/fhce.edu.uy\/oded\/wp-json\/wp\/v2\/media?parent=5828"}],"wp:term":[{"taxonomy":"category","embeddable":true,"href":"https:\/\/fhce.edu.uy\/oded\/wp-json\/wp\/v2\/categories?post=5828"},{"taxonomy":"post_tag","embeddable":true,"href":"https:\/\/fhce.edu.uy\/oded\/wp-json\/wp\/v2\/tags?post=5828"}],"curies":[{"name":"wp","href":"https:\/\/api.w.org\/{rel}","templated":true}]}}