{"id":2482,"date":"2022-05-30T18:12:38","date_gmt":"2022-05-30T21:12:38","guid":{"rendered":"https:\/\/fhce.edu.uy\/oded\/?p=2482"},"modified":"2023-08-28T15:19:33","modified_gmt":"2023-08-28T18:19:33","slug":"el-derecho-a-la-educacion-y-sus-desafios-en-uruguay-y-america-latina-entrevista-myriam-feldfeber","status":"publish","type":"post","link":"https:\/\/fhce.edu.uy\/oded\/2022\/05\/30\/el-derecho-a-la-educacion-y-sus-desafios-en-uruguay-y-america-latina-entrevista-myriam-feldfeber\/","title":{"rendered":"Entrevista a la Mag. Myriam Feldfeber"},"content":{"rendered":"\t\t<div data-elementor-type=\"wp-post\" data-elementor-id=\"2482\" class=\"elementor elementor-2482\" data-elementor-settings=\"[]\">\n\t\t\t\t\t\t\t<div class=\"elementor-section-wrap\">\n\t\t\t\t\t\t\t<section class=\"elementor-section elementor-top-section elementor-element elementor-element-a836a37 elementor-section-boxed elementor-section-height-default elementor-section-height-default\" data-id=\"a836a37\" data-element_type=\"section\">\n\t\t\t\t\t\t<div class=\"elementor-container elementor-column-gap-default\">\n\t\t\t\t\t<div class=\"elementor-column elementor-col-100 elementor-top-column elementor-element elementor-element-9a8a5f6\" data-id=\"9a8a5f6\" data-element_type=\"column\">\n\t\t\t<div class=\"elementor-widget-wrap elementor-element-populated\">\n\t\t\t\t\t\t\t\t<div class=\"elementor-element elementor-element-501a5c5 elementor-widget elementor-widget-text-editor\" data-id=\"501a5c5\" data-element_type=\"widget\" data-widget_type=\"text-editor.default\">\n\t\t\t\t<div class=\"elementor-widget-container\">\n\t\t\t\t\t\t\t<p><strong>El derecho a la educaci\u00f3n y sus desaf\u00edos en Uruguay y Am\u00e9rica Latina.<\/strong><\/p>\t\t\t\t\t\t<\/div>\n\t\t\t\t<\/div>\n\t\t\t\t<div class=\"elementor-element elementor-element-a8a10d3 elementor-widget elementor-widget-text-editor\" data-id=\"a8a10d3\" data-element_type=\"widget\" data-widget_type=\"text-editor.default\">\n\t\t\t\t<div class=\"elementor-widget-container\">\n\t\t\t\t\t\t\t<p>El Instituto de Educaci\u00f3n, a trav\u00e9s del programa de investigaci\u00f3n \u00abFormas escolares y posiciones docentes en la producci\u00f3n del derecho a la educaci\u00f3n en el Uruguay actual\u00bb y el Observatorio sobre el Derecho a la Educaci\u00f3n, llev\u00f3 adelante la mesa redonda \u00abEl derecho a la educaci\u00f3n y sus desaf\u00edos en Uruguay y Am\u00e9rica Latina\u00bb <a href=\"https:\/\/fhce.edu.uy\/oded\/2022\/05\/16\/mesa_redonda_may_2022\/\">(ver aqu\u00ed)<\/a> el pasado lunes 25 de abril. All\u00ed contamos con la presencia y las exposiciones de la Dra. Nora Gluz, la Mag. Myriam Feldfeber y la Dra. Natalia Fattore. En ese marco, la Dra. Elo\u00edsa Bordoli realiz\u00f3 una serie de entrevistas a las expositoras visitantes.<\/p>\t\t\t\t\t\t<\/div>\n\t\t\t\t<\/div>\n\t\t\t\t\t<\/div>\n\t\t<\/div>\n\t\t\t\t\t\t\t<\/div>\n\t\t<\/section>\n\t\t\t\t<section class=\"elementor-section elementor-top-section elementor-element elementor-element-c952909 elementor-section-boxed elementor-section-height-default elementor-section-height-default\" data-id=\"c952909\" data-element_type=\"section\">\n\t\t\t\t\t\t<div class=\"elementor-container elementor-column-gap-default\">\n\t\t\t\t\t<div class=\"elementor-column elementor-col-50 elementor-top-column elementor-element elementor-element-c60a0d2\" data-id=\"c60a0d2\" data-element_type=\"column\">\n\t\t\t<div class=\"elementor-widget-wrap elementor-element-populated\">\n\t\t\t\t\t\t\t\t<div class=\"elementor-element elementor-element-9c6d971 elementor-aspect-ratio-169 elementor-widget elementor-widget-video\" data-id=\"9c6d971\" data-element_type=\"widget\" data-settings=\"{&quot;youtube_url&quot;:&quot;https:\\\/\\\/youtu.be\\\/hglpsIwcuY4&quot;,&quot;video_type&quot;:&quot;youtube&quot;,&quot;controls&quot;:&quot;yes&quot;,&quot;aspect_ratio&quot;:&quot;169&quot;}\" data-widget_type=\"video.default\">\n\t\t\t\t<div class=\"elementor-widget-container\">\n\t\t\t\t\t<div class=\"elementor-wrapper elementor-fit-aspect-ratio elementor-open-inline\">\n\t\t\t<div class=\"elementor-video\"><\/div>\t\t<\/div>\n\t\t\t\t<\/div>\n\t\t\t\t<\/div>\n\t\t\t\t<div class=\"elementor-element elementor-element-6a1039e elementor-widget elementor-widget-text-editor\" data-id=\"6a1039e\" data-element_type=\"widget\" data-widget_type=\"text-editor.default\">\n\t\t\t\t<div class=\"elementor-widget-container\">\n\t\t\t\t\t\t\t<p>\u00abEl derecho a la educaci\u00f3n en Am\u00e9rica Latina es una deuda pendiente, en el marco de un enfoque integral de derechos, porque no podemos pensar el derecho a la educaci\u00f3n por fuera del derecho a la vida, a la salud, al trabajo, a una vivienda digna.\u00bb<\/p>\t\t\t\t\t\t<\/div>\n\t\t\t\t<\/div>\n\t\t\t\t\t<\/div>\n\t\t<\/div>\n\t\t\t\t<div class=\"elementor-column elementor-col-50 elementor-top-column elementor-element elementor-element-bf2032f\" data-id=\"bf2032f\" data-element_type=\"column\">\n\t\t\t<div class=\"elementor-widget-wrap elementor-element-populated\">\n\t\t\t\t\t\t\t\t<div class=\"elementor-element elementor-element-2785513 elementor-widget elementor-widget-text-editor\" data-id=\"2785513\" data-element_type=\"widget\" data-widget_type=\"text-editor.default\">\n\t\t\t\t<div class=\"elementor-widget-container\">\n\t\t\t\t\t\t\t<p>En esta segunda entrevista del ciclo que iniciamos con la Dra. Nora Gluz\u00a0<a href=\"https:\/\/fhce.edu.uy\/oded\/2022\/05\/25\/entrevista-nora-glutz\/\" target=\"_blank\" rel=\"noopener\">(ver aqu\u00ed)<\/a>\u00a0conversamos con Myriam Feldfeber, Licenciada en Ciencias de la Educaci\u00f3n por la Universidad de Buenos Aires (UBA) y Mag\u00edster en Educaci\u00f3n por la Facultad Latinoamericana de Ciencias Sociales (FLACSO). Actualmente, Myriam es Directora del Instituto de Investigaci\u00f3n en Ciencias de la la Educaci\u00f3n de la UBA. Tiene una extensa actividad y producci\u00f3n acad\u00e9micas, ha dirigido un conjunto de l\u00edneas de investigaci\u00f3n en Argentina y tambi\u00e9n a escala internacional. Integr\u00f3 y dirigi\u00f3 la Red Latinoamericana de Estudios sobre Trabajo Docente (RED ESTRADO).<\/p><div>En esta oportunidad, el aporte de la colega se centra en las pol\u00edticas educativas y los nuevos procesos que se est\u00e1n introduciendo en la regi\u00f3n y en el continente amenazando los avances logrados con relaci\u00f3n al derecho a la educaci\u00f3n.<\/div>\t\t\t\t\t\t<\/div>\n\t\t\t\t<\/div>\n\t\t\t\t\t<\/div>\n\t\t<\/div>\n\t\t\t\t\t\t\t<\/div>\n\t\t<\/section>\n\t\t\t\t\t\t<\/div>\n\t\t\t\t\t<\/div>\n\t\t","protected":false},"excerpt":{"rendered":"<p>El derecho a la educaci\u00f3n y sus desaf\u00edos en Uruguay y Am\u00e9rica Latina. El Instituto de Educaci\u00f3n, a trav\u00e9s del[&#8230;]<\/p>\n","protected":false},"author":5,"featured_media":4891,"comment_status":"open","ping_status":"open","sticky":false,"template":"","format":"standard","meta":{"_coblocks_attr":"","_coblocks_dimensions":"","_coblocks_responsive_height":"","_coblocks_accordion_ie_support":""},"categories":[4,8],"tags":[31],"_links":{"self":[{"href":"https:\/\/fhce.edu.uy\/oded\/wp-json\/wp\/v2\/posts\/2482"}],"collection":[{"href":"https:\/\/fhce.edu.uy\/oded\/wp-json\/wp\/v2\/posts"}],"about":[{"href":"https:\/\/fhce.edu.uy\/oded\/wp-json\/wp\/v2\/types\/post"}],"author":[{"embeddable":true,"href":"https:\/\/fhce.edu.uy\/oded\/wp-json\/wp\/v2\/users\/5"}],"replies":[{"embeddable":true,"href":"https:\/\/fhce.edu.uy\/oded\/wp-json\/wp\/v2\/comments?post=2482"}],"version-history":[{"count":38,"href":"https:\/\/fhce.edu.uy\/oded\/wp-json\/wp\/v2\/posts\/2482\/revisions"}],"predecessor-version":[{"id":4892,"href":"https:\/\/fhce.edu.uy\/oded\/wp-json\/wp\/v2\/posts\/2482\/revisions\/4892"}],"wp:featuredmedia":[{"embeddable":true,"href":"https:\/\/fhce.edu.uy\/oded\/wp-json\/wp\/v2\/media\/4891"}],"wp:attachment":[{"href":"https:\/\/fhce.edu.uy\/oded\/wp-json\/wp\/v2\/media?parent=2482"}],"wp:term":[{"taxonomy":"category","embeddable":true,"href":"https:\/\/fhce.edu.uy\/oded\/wp-json\/wp\/v2\/categories?post=2482"},{"taxonomy":"post_tag","embeddable":true,"href":"https:\/\/fhce.edu.uy\/oded\/wp-json\/wp\/v2\/tags?post=2482"}],"curies":[{"name":"wp","href":"https:\/\/api.w.org\/{rel}","templated":true}]}}